[{"@context":"https:\/\/schema.org\/","@type":"Blog","@id":"https:\/\/www.fa-zona.cz#Blog","headline":"Fa Zona","description":"\nNikdo na sv\u011bt\u011b samoz\u0159ejm\u011b nev\u00ed v\u0161echno, ka\u017ed\u00fd m\u00e1 ve sv\u00fdch v\u011bdomostech mezery. Ale kdo nav\u0161t\u011bvuje n\u00e1\u0161 web, v\u00fdrazn\u011b tyto svoje mezery zredukuje.","url":"https:\/\/www.fa-zona.cz","hasPart":[{"@type":"Article","@id":"https:\/\/www.fa-zona.cz\/kde-opatrit-kartonove-krabice-na-stehovani\/","headline":"Kde opat\u0159it kartonov\u00e9 krabice na st\u011bhov\u00e1n\u00ed","url":"https:\/\/www.fa-zona.cz\/kde-opatrit-kartonove-krabice-na-stehovani\/","datePublished":"2026-01-16","dateModified":"2026-01-16","mainEntityOfPage":"https:\/\/www.fa-zona.cz\/kde-opatrit-kartonove-krabice-na-stehovani\/","author":{"@type":"Person","@id":"https:\/\/www.fa-zona.cz\/author\/#Person","name":"","url":"https:\/\/www.fa-zona.cz\/author\/","identifier":1,"image":{"@type":"ImageObject","@id":"https:\/\/secure.gravatar.com\/avatar\/91506ed60e31abe586276a3e1420719df081581a820344a28fa2034bb1a2fe22?s=96&d=mm&r=g","url":"https:\/\/secure.gravatar.com\/avatar\/91506ed60e31abe586276a3e1420719df081581a820344a28fa2034bb1a2fe22?s=96&d=mm&r=g","height":96,"width":96}},"publisher":{"@type":"Organization","name":"fa-zona.cz","logo":{"@type":"ImageObject","@id":"\/logo.png","url":"\/logo.png","width":600,"height":60}},"image":{"@type":"ImageObject","@id":"https:\/\/www.fa-zona.cz\/wp-content\/uploads\/alexas_fotos-nest-3404606_640.jpg","url":"https:\/\/www.fa-zona.cz\/wp-content\/uploads\/alexas_fotos-nest-3404606_640.jpg","height":0,"width":0},"wordCount":641,"keywords":null},{"@type":"Article","@id":"https:\/\/www.fa-zona.cz\/kdy-se-muze-hodit-sluzba-vyklizeni-bytu-v-praze\/","headline":"Kdy se m\u016f\u017ee hodit slu\u017eba vykl\u00edzen\u00ed byt\u016f v Praze","url":"https:\/\/www.fa-zona.cz\/kdy-se-muze-hodit-sluzba-vyklizeni-bytu-v-praze\/","datePublished":"2025-12-28","dateModified":"2025-12-28","mainEntityOfPage":"https:\/\/www.fa-zona.cz\/kdy-se-muze-hodit-sluzba-vyklizeni-bytu-v-praze\/","author":{"@type":"Person","@id":"https:\/\/www.fa-zona.cz\/author\/#Person","name":"","url":"https:\/\/www.fa-zona.cz\/author\/","identifier":1,"image":{"@type":"ImageObject","@id":"https:\/\/secure.gravatar.com\/avatar\/91506ed60e31abe586276a3e1420719df081581a820344a28fa2034bb1a2fe22?s=96&d=mm&r=g","url":"https:\/\/secure.gravatar.com\/avatar\/91506ed60e31abe586276a3e1420719df081581a820344a28fa2034bb1a2fe22?s=96&d=mm&r=g","height":96,"width":96}},"publisher":{"@type":"Organization","name":"fa-zona.cz","logo":{"@type":"ImageObject","@id":"\/logo.png","url":"\/logo.png","width":600,"height":60}},"image":{"@type":"ImageObject","@id":"https:\/\/www.fa-zona.cz\/wp-content\/uploads\/fruit-boxes-2815434_640_10_3.jpg","url":"https:\/\/www.fa-zona.cz\/wp-content\/uploads\/fruit-boxes-2815434_640_10_3.jpg","height":0,"width":0},"wordCount":699,"keywords":null},{"@type":"Article","@id":"https:\/\/www.fa-zona.cz\/propagace-musi-fungovat\/","headline":"Propagace mus\u00ed fungovat","url":"https:\/\/www.fa-zona.cz\/propagace-musi-fungovat\/","datePublished":"2025-12-06","dateModified":"2025-12-06","mainEntityOfPage":"https:\/\/www.fa-zona.cz\/propagace-musi-fungovat\/","author":{"@type":"Person","@id":"https:\/\/www.fa-zona.cz\/author\/#Person","name":"","url":"https:\/\/www.fa-zona.cz\/author\/","identifier":1,"image":{"@type":"ImageObject","@id":"https:\/\/secure.gravatar.com\/avatar\/91506ed60e31abe586276a3e1420719df081581a820344a28fa2034bb1a2fe22?s=96&d=mm&r=g","url":"https:\/\/secure.gravatar.com\/avatar\/91506ed60e31abe586276a3e1420719df081581a820344a28fa2034bb1a2fe22?s=96&d=mm&r=g","height":96,"width":96}},"publisher":{"@type":"Organization","name":"fa-zona.cz","logo":{"@type":"ImageObject","@id":"\/logo.png","url":"\/logo.png","width":600,"height":60}},"image":{"@type":"ImageObject","@id":"https:\/\/www.fa-zona.cz\/wp-content\/uploads\/o_4.png","url":"https:\/\/www.fa-zona.cz\/wp-content\/uploads\/o_4.png","height":0,"width":0},"wordCount":613,"keywords":null},{"@type":"Article","@id":"https:\/\/www.fa-zona.cz\/reklamni-propisky-pro-klienty-cestovnich-kancelari\/","headline":"Reklamn\u00ed propisky pro klienty cestovn\u00edch kancel\u00e1\u0159\u00ed","url":"https:\/\/www.fa-zona.cz\/reklamni-propisky-pro-klienty-cestovnich-kancelari\/","datePublished":"2025-11-03","dateModified":"2025-11-03","mainEntityOfPage":"https:\/\/www.fa-zona.cz\/reklamni-propisky-pro-klienty-cestovnich-kancelari\/","author":{"@type":"Person","@id":"https:\/\/www.fa-zona.cz\/author\/#Person","name":"","url":"https:\/\/www.fa-zona.cz\/author\/","identifier":1,"image":{"@type":"ImageObject","@id":"https:\/\/secure.gravatar.com\/avatar\/91506ed60e31abe586276a3e1420719df081581a820344a28fa2034bb1a2fe22?s=96&d=mm&r=g","url":"https:\/\/secure.gravatar.com\/avatar\/91506ed60e31abe586276a3e1420719df081581a820344a28fa2034bb1a2fe22?s=96&d=mm&r=g","height":96,"width":96}},"publisher":{"@type":"Organization","name":"fa-zona.cz","logo":{"@type":"ImageObject","@id":"\/logo.png","url":"\/logo.png","width":600,"height":60}},"image":{"@type":"ImageObject","@id":"https:\/\/www.fa-zona.cz\/wp-content\/uploads\/colored-pencils-791546_640_2.jpg","url":"https:\/\/www.fa-zona.cz\/wp-content\/uploads\/colored-pencils-791546_640_2.jpg","height":0,"width":0},"wordCount":539,"keywords":null},{"@type":"Article","@id":"https:\/\/www.fa-zona.cz\/jak-se-odstehovat-do-ciziny\/","headline":"Jak se odst\u011bhovat do ciziny?","url":"https:\/\/www.fa-zona.cz\/jak-se-odstehovat-do-ciziny\/","datePublished":"2025-11-01","dateModified":"2025-11-01","mainEntityOfPage":"https:\/\/www.fa-zona.cz\/jak-se-odstehovat-do-ciziny\/","author":{"@type":"Person","@id":"https:\/\/www.fa-zona.cz\/author\/#Person","name":"","url":"https:\/\/www.fa-zona.cz\/author\/","identifier":1,"image":{"@type":"ImageObject","@id":"https:\/\/secure.gravatar.com\/avatar\/91506ed60e31abe586276a3e1420719df081581a820344a28fa2034bb1a2fe22?s=96&d=mm&r=g","url":"https:\/\/secure.gravatar.com\/avatar\/91506ed60e31abe586276a3e1420719df081581a820344a28fa2034bb1a2fe22?s=96&d=mm&r=g","height":96,"width":96}},"publisher":{"@type":"Organization","name":"fa-zona.cz","logo":{"@type":"ImageObject","@id":"\/logo.png","url":"\/logo.png","width":600,"height":60}},"image":{"@type":"ImageObject","@id":"https:\/\/www.fa-zona.cz\/wp-content\/uploads\/s%20s.jpg","url":"https:\/\/www.fa-zona.cz\/wp-content\/uploads\/s%20s.jpg","height":0,"width":0},"wordCount":641,"keywords":null},{"@type":"Article","@id":"https:\/\/www.fa-zona.cz\/nad-vlastni-bazen-neni\/","headline":"Nad vlastn\u00ed baz\u00e9n nen\u00ed","url":"https:\/\/www.fa-zona.cz\/nad-vlastni-bazen-neni\/","datePublished":"2025-10-20","dateModified":"2025-10-20","mainEntityOfPage":"https:\/\/www.fa-zona.cz\/nad-vlastni-bazen-neni\/","author":{"@type":"Person","@id":"https:\/\/www.fa-zona.cz\/author\/#Person","name":"","url":"https:\/\/www.fa-zona.cz\/author\/","identifier":1,"image":{"@type":"ImageObject","@id":"https:\/\/secure.gravatar.com\/avatar\/91506ed60e31abe586276a3e1420719df081581a820344a28fa2034bb1a2fe22?s=96&d=mm&r=g","url":"https:\/\/secure.gravatar.com\/avatar\/91506ed60e31abe586276a3e1420719df081581a820344a28fa2034bb1a2fe22?s=96&d=mm&r=g","height":96,"width":96}},"publisher":{"@type":"Organization","name":"fa-zona.cz","logo":{"@type":"ImageObject","@id":"\/logo.png","url":"\/logo.png","width":600,"height":60}},"image":{"@type":"ImageObject","@id":"https:\/\/www.fa-zona.cz\/wp-content\/uploads\/bbbbb_10_10_10_4.jpg","url":"https:\/\/www.fa-zona.cz\/wp-content\/uploads\/bbbbb_10_10_10_4.jpg","height":0,"width":0},"wordCount":660,"keywords":null},{"@type":"Article","@id":"https:\/\/www.fa-zona.cz\/auto-na-leasing-mohou-ocenit-i-hudebni-revivalove-skupiny\/","headline":"Auto  na leasing mohou ocenit i hudebn\u00ed revivalov\u00e9 skupiny","url":"https:\/\/www.fa-zona.cz\/auto-na-leasing-mohou-ocenit-i-hudebni-revivalove-skupiny\/","datePublished":"2025-10-06","dateModified":"2025-10-06","mainEntityOfPage":"https:\/\/www.fa-zona.cz\/auto-na-leasing-mohou-ocenit-i-hudebni-revivalove-skupiny\/","author":{"@type":"Person","@id":"https:\/\/www.fa-zona.cz\/author\/#Person","name":"","url":"https:\/\/www.fa-zona.cz\/author\/","identifier":1,"image":{"@type":"ImageObject","@id":"https:\/\/secure.gravatar.com\/avatar\/91506ed60e31abe586276a3e1420719df081581a820344a28fa2034bb1a2fe22?s=96&d=mm&r=g","url":"https:\/\/secure.gravatar.com\/avatar\/91506ed60e31abe586276a3e1420719df081581a820344a28fa2034bb1a2fe22?s=96&d=mm&r=g","height":96,"width":96}},"publisher":{"@type":"Organization","name":"fa-zona.cz","logo":{"@type":"ImageObject","@id":"\/logo.png","url":"\/logo.png","width":600,"height":60}},"image":{"@type":"ImageObject","@id":"https:\/\/www.fa-zona.cz\/wp-content\/uploads\/freddie-mercury-5703426_640_1.jpg","url":"https:\/\/www.fa-zona.cz\/wp-content\/uploads\/freddie-mercury-5703426_640_1.jpg","height":0,"width":0},"wordCount":521,"keywords":null},{"@type":"Article","@id":"https:\/\/www.fa-zona.cz\/prace-s-automobilem\/","headline":"Pr\u00e1ce s automobilem","url":"https:\/\/www.fa-zona.cz\/prace-s-automobilem\/","datePublished":"2025-08-21","dateModified":"2025-08-21","mainEntityOfPage":"https:\/\/www.fa-zona.cz\/prace-s-automobilem\/","author":{"@type":"Person","@id":"https:\/\/www.fa-zona.cz\/author\/#Person","name":"","url":"https:\/\/www.fa-zona.cz\/author\/","identifier":1,"image":{"@type":"ImageObject","@id":"https:\/\/secure.gravatar.com\/avatar\/91506ed60e31abe586276a3e1420719df081581a820344a28fa2034bb1a2fe22?s=96&d=mm&r=g","url":"https:\/\/secure.gravatar.com\/avatar\/91506ed60e31abe586276a3e1420719df081581a820344a28fa2034bb1a2fe22?s=96&d=mm&r=g","height":96,"width":96}},"publisher":{"@type":"Organization","name":"fa-zona.cz","logo":{"@type":"ImageObject","@id":"\/logo.png","url":"\/logo.png","width":600,"height":60}},"image":{"@type":"ImageObject","@id":"https:\/\/www.fa-zona.cz\/wp-content\/uploads\/porsche-targa-1621744_640_1.jpg","url":"https:\/\/www.fa-zona.cz\/wp-content\/uploads\/porsche-targa-1621744_640_1.jpg","height":0,"width":0},"wordCount":557,"keywords":null},{"@type":"Article","@id":"https:\/\/www.fa-zona.cz\/sprcha-na-zahrade\/","headline":"Sprcha na zahrad\u011b","url":"https:\/\/www.fa-zona.cz\/sprcha-na-zahrade\/","datePublished":"2025-08-11","dateModified":"2025-08-11","mainEntityOfPage":"https:\/\/www.fa-zona.cz\/sprcha-na-zahrade\/","author":{"@type":"Person","@id":"https:\/\/www.fa-zona.cz\/author\/#Person","name":"","url":"https:\/\/www.fa-zona.cz\/author\/","identifier":1,"image":{"@type":"ImageObject","@id":"https:\/\/secure.gravatar.com\/avatar\/91506ed60e31abe586276a3e1420719df081581a820344a28fa2034bb1a2fe22?s=96&d=mm&r=g","url":"https:\/\/secure.gravatar.com\/avatar\/91506ed60e31abe586276a3e1420719df081581a820344a28fa2034bb1a2fe22?s=96&d=mm&r=g","height":96,"width":96}},"publisher":{"@type":"Organization","name":"fa-zona.cz","logo":{"@type":"ImageObject","@id":"\/logo.png","url":"\/logo.png","width":600,"height":60}},"image":{"@type":"ImageObject","@id":"https:\/\/www.fa-zona.cz\/wp-content\/uploads\/life-saver-1998848_640_1.jpg","url":"https:\/\/www.fa-zona.cz\/wp-content\/uploads\/life-saver-1998848_640_1.jpg","height":0,"width":0},"wordCount":650,"keywords":null},{"@type":"Article","@id":"https:\/\/www.fa-zona.cz\/vyberte-si-ty-prave\/","headline":"Vyberte si ty prav\u00e9","url":"https:\/\/www.fa-zona.cz\/vyberte-si-ty-prave\/","datePublished":"2025-07-07","dateModified":"2025-07-07","mainEntityOfPage":"https:\/\/www.fa-zona.cz\/vyberte-si-ty-prave\/","author":{"@type":"Person","@id":"https:\/\/www.fa-zona.cz\/author\/#Person","name":"","url":"https:\/\/www.fa-zona.cz\/author\/","identifier":1,"image":{"@type":"ImageObject","@id":"https:\/\/secure.gravatar.com\/avatar\/91506ed60e31abe586276a3e1420719df081581a820344a28fa2034bb1a2fe22?s=96&d=mm&r=g","url":"https:\/\/secure.gravatar.com\/avatar\/91506ed60e31abe586276a3e1420719df081581a820344a28fa2034bb1a2fe22?s=96&d=mm&r=g","height":96,"width":96}},"publisher":{"@type":"Organization","name":"fa-zona.cz","logo":{"@type":"ImageObject","@id":"\/logo.png","url":"\/logo.png","width":600,"height":60}},"image":{"@type":"ImageObject","@id":"https:\/\/www.fa-zona.cz\/wp-content\/uploads\/sexy-girl-5331478_640_7.jpg","url":"https:\/\/www.fa-zona.cz\/wp-content\/uploads\/sexy-girl-5331478_640_7.jpg","height":0,"width":0},"wordCount":597,"keywords":null}]},{"@context":"https:\/\/schema.org","@type":"WebSite","@id":"https:\/\/www.fa-zona.cz\/#website","name":"Fa Zona","url":"https:\/\/www.fa-zona.cz","potentialAction":{"@type":"SearchAction","target":"https:\/\/www.fa-zona.cz\/?s={search_term_string}","query-input":"required name=search_term_string"}}]