[{"@context":"https:\/\/schema.org\/","@type":"Article","@id":"https:\/\/www.fa-zona.cz\/fotograficky-tabor-pro-deti-rozviji-fantazii-i-odborne-znalosti-a-predevsim-samostatnost\/#Article","mainEntityOfPage":"https:\/\/www.fa-zona.cz\/fotograficky-tabor-pro-deti-rozviji-fantazii-i-odborne-znalosti-a-predevsim-samostatnost\/","headline":"Fotografick\u00fd t\u00e1bor pro d\u011bti rozv\u00edj\u00ed fantazii i odborn\u00e9 znalosti a p\u0159edev\u0161\u00edm samostatnost","name":"Fotografick\u00fd t\u00e1bor pro d\u011bti rozv\u00edj\u00ed fantazii i odborn\u00e9 znalosti a p\u0159edev\u0161\u00edm samostatnost","description":"Pasivita a p\u0159ij\u00edm\u00e1n\u00ed ciz\u00edho \u017eivotn\u00edho vzoru vede k jevu, kter\u00fd<span class=\"more-dots\"><a href=\"https:\/\/www.fa-zona.cz\/fotograficky-tabor-pro-deti-rozviji-fantazii-i-odborne-znalosti-a-predevsim-samostatnost\/\">[ ... ]<\/span><\/a>","datePublished":"2020-12-13","dateModified":"2023-09-13","author":{"@type":"Person","@id":"https:\/\/www.fa-zona.cz\/author\/#Person","name":"","url":"https:\/\/www.fa-zona.cz\/author\/","identifier":1,"image":{"@type":"ImageObject","@id":"https:\/\/secure.gravatar.com\/avatar\/91506ed60e31abe586276a3e1420719df081581a820344a28fa2034bb1a2fe22?s=96&d=mm&r=g","url":"https:\/\/secure.gravatar.com\/avatar\/91506ed60e31abe586276a3e1420719df081581a820344a28fa2034bb1a2fe22?s=96&d=mm&r=g","height":96,"width":96}},"publisher":{"@type":"Organization","name":"fa-zona.cz","logo":{"@type":"ImageObject","@id":"\/logo.png","url":"\/logo.png","width":600,"height":60}},"image":{"@type":"ImageObject","@id":"https:\/\/www.fa-zona.cz\/wp-content\/uploads\/zrcadlovka%20Canon.jpg","url":"https:\/\/www.fa-zona.cz\/wp-content\/uploads\/zrcadlovka%20Canon.jpg","height":0,"width":0},"url":"https:\/\/www.fa-zona.cz\/fotograficky-tabor-pro-deti-rozviji-fantazii-i-odborne-znalosti-a-predevsim-samostatnost\/","about":["Spole\u010dnosti"],"wordCount":380,"articleBody":"     Pasivita a p\u0159ij\u00edm\u00e1n\u00ed ciz\u00edho \u017eivotn\u00edho vzoru vede k jevu, kter\u00fd mnoz\u00ed lid\u00e9 naz\u00fdvaj\u00ed p\u0159\u00edzna\u010dn\u011b \u2013 ovce ve st\u00e1du. Obyvatel\u00e9 \u010ceska maj\u00ed na\u0161t\u011bst\u00ed v genech st\u00e1le ulo\u017een\u00e9 informace o vlastn\u00ed tvo\u0159ivosti a n\u00e1paditosti, nez\u00e1visl\u00e9 na n\u011bjak\u00e9m vnucen\u00e9m syst\u00e9mu, bylo to d\u00e1no historick\u00fdm v\u00fdvojem na\u0161\u00ed zem\u011b v podru\u010d\u00ed Rakouska-Uherska a pak i za socialismu.Ve\u010fte d\u011bti k aktivn\u00edmu \u017eivotuBohu\u017eel se tento trend sna\u017e\u00ed n\u011bkter\u00e9 pseudomodern\u00ed spole\u010densk\u00e9 sm\u011bry rozm\u011blnit a v\u00fdrazn\u011b tomu napom\u00e1h\u00e1 sledov\u00e1n\u00ed televize, soci\u00e1ln\u00ed s\u00edt\u011b, mobiln\u00ed telefony a online hry. Pasivn\u00ed lid\u00e9 toti\u017e snadno p\u0159ijmou ciz\u00ed my\u0161lenky, kter\u00e9 mohou b\u00fdt i destruktivn\u00ed v\u016f\u010di jednotlivci i cel\u00e9 spole\u010dnosti.Na\u0161e budoucnost je v d\u011btech a kdo si to uv\u011bdomuje, m\u011bl by j\u00edt ostatn\u00edm p\u0159\u00edkladem. Velmi z\u00e1le\u017e\u00ed na tom, zda je posad\u00edme p\u0159ed televizor a d\u00e1me jim do ruky misku s bramborov\u00fdmi lup\u00ednky, aby se \u201ezabavily a daly n\u00e1m pokoj\u201c, anebo je budeme v\u00e9st a sm\u011brovat k tv\u016fr\u010d\u00ed samostatn\u00e9 a zodpov\u011bdn\u00e9 \u010dinnosti.Motiva\u010dn\u00ed d\u011btsk\u00e9 t\u00e1bory \u2013 jsou jednou z cest, jak v d\u011btech aktivitu probudit, podporovat a rozv\u00edjet. Kup\u0159\u00edkladu fotografick\u00fd t\u00e1bor je vhodnou volbou pro citliv\u00e9 d\u011bti s um\u011bleck\u00fdmi sklony. C\u00edlem ov\u0161em nen\u00ed p\u00f3zovat s mobilem a po\u0159izovat naivn\u00ed \u201eselfie\u201c, ale rozvinout cit pro vn\u00edm\u00e1n\u00ed sv\u011btla a st\u00ednu, kontrastu barev, spr\u00e1vn\u00e9 kompozice a \u017eivosti, aby sn\u00edmek zaujal. Pat\u0159\u00ed sem i odborn\u00e9 znalosti, jako je clona a \u010das a jejich vz\u00e1jemn\u00e9 p\u016fsoben\u00ed, ohniskov\u00e1 vzd\u00e1lenost, rozd\u00edly v technik\u00e1ch fotografov\u00e1n\u00ed panoramat, detail\u016f (makro), sn\u00edm\u00e1n\u00ed \u017eiv\u00e9ho pohybu \u010di statick\u00fdch objekt\u016f.Fotografov\u00e1n\u00ed st\u00e1le pat\u0159\u00ed mezi um\u011bleck\u00e9 obory, a jak se \u0159\u00edk\u00e1, \u201enen\u00ed fotograf jako fotograf\u201c. A \u017ee dobr\u00e9, a t\u0159eba i \u010dernob\u00edl\u00e9 fotky \u010di diapozitivy mohou vzej\u00edt i ze sta\u0159i\u010dk\u00e9ho analogov\u00e9ho veter\u00e1na, prokazuj\u00ed fotografick\u00e9 legendy, jimi\u017e je kup\u0159\u00edkladu Jan Saudek a jeho obl\u00edben\u00fd fotoapar\u00e1t Flexaret.                                                                                                                                                                                                                                                                                                                                                                                          4.3\/5 - (7 votes)        "},{"@context":"https:\/\/schema.org\/","@type":"BreadcrumbList","itemListElement":[{"@type":"ListItem","position":1,"name":"Fotografick\u00fd t\u00e1bor pro d\u011bti rozv\u00edj\u00ed fantazii i odborn\u00e9 znalosti a p\u0159edev\u0161\u00edm samostatnost","item":"https:\/\/www.fa-zona.cz\/fotograficky-tabor-pro-deti-rozviji-fantazii-i-odborne-znalosti-a-predevsim-samostatnost\/#breadcrumbitem"}]}]