[{"@context":"https:\/\/schema.org\/","@type":"Article","@id":"https:\/\/www.fa-zona.cz\/nove-poznatky\/#Article","mainEntityOfPage":"https:\/\/www.fa-zona.cz\/nove-poznatky\/","headline":"Nov\u00e9 poznatky","name":"Nov\u00e9 poznatky","description":"Mo\u017en\u00e1 by to \u0161lo, kdyby zalezl n\u011bkam do les\u016f a<span class=\"more-dots\"><a href=\"https:\/\/www.fa-zona.cz\/nove-poznatky\/\">[ ... ]<\/span><\/a>","datePublished":"2021-11-09","dateModified":"2023-05-10","author":{"@type":"Person","@id":"https:\/\/www.fa-zona.cz\/author\/#Person","name":"","url":"https:\/\/www.fa-zona.cz\/author\/","identifier":1,"image":{"@type":"ImageObject","@id":"https:\/\/secure.gravatar.com\/avatar\/91506ed60e31abe586276a3e1420719df081581a820344a28fa2034bb1a2fe22?s=96&d=mm&r=g","url":"https:\/\/secure.gravatar.com\/avatar\/91506ed60e31abe586276a3e1420719df081581a820344a28fa2034bb1a2fe22?s=96&d=mm&r=g","height":96,"width":96}},"publisher":{"@type":"Organization","name":"fa-zona.cz","logo":{"@type":"ImageObject","@id":"\/logo.png","url":"\/logo.png","width":600,"height":60}},"image":{"@type":"ImageObject","@id":"https:\/\/www.fa-zona.cz\/wp-content\/uploads\/experience_science_eruption_332249.jpg","url":"https:\/\/www.fa-zona.cz\/wp-content\/uploads\/experience_science_eruption_332249.jpg","height":0,"width":0},"url":"https:\/\/www.fa-zona.cz\/nove-poznatky\/","about":["V\u011bda"],"wordCount":425,"articleBody":"Mo\u017en\u00e1 by to \u0161lo, kdyby zalezl n\u011bkam do les\u016f a do jeskyn\u011b, ale i tam by na n\u011bj dopadalo n\u011bco, co se tohoto oboru t\u00fdk\u00e1. Nap\u0159\u00edklad by nezabr\u00e1nil p\u0159eletu letadel po obloze, nebo chemick\u00e9mu de\u0161ti. Mus\u00edme br\u00e1t v\u011bdu a v\u0161echny jej\u00ed odv\u011btv\u00ed takov\u00e9 jak\u00e9 jsou a b\u00fdt r\u00e1di, \u017ee sp\u011bje kup\u0159edu. Tedy, obor samotn\u00fd a s n\u00edm pochopiteln\u011b i cel\u00e9 lidstvo. Je ot\u00e1zkou, zda je to v\u017edy ku jeho prosp\u011bchu, ale to u\u017e je debata, kter\u00e1 by se m\u011bla p\u0159em\u00edstit na filosofickou \u00farove\u0148. Vezm\u011bme si t\u0159eba objev atomu. Je p\u0159\u00ednosem? Samoz\u0159ejm\u011b, \u017ee ano, \u0159eknete, p\u0159ece atomov\u00e9 elektr\u00e1rny\u2026\u00a0Ano, ale tak\u00e9 Hiro\u0161ima, Nagasaki a nyn\u011bj\u0161\u00ed vyhro\u017eov\u00e1n\u00ed jadernou v\u00e1lkou Ruskem, to tedy asi nen\u00ed zrovna kladem tohoto objevu. I kdy\u017e, atom s\u00e1m za to nem\u016f\u017ee, m\u016f\u017ee za to zase jen \u010dlov\u011bk s\u00e1m. Zhruba devades\u00e1t dev\u011bt procent vyn\u00e1lez\u016f bylo v\u017edy zneu\u017eito. Po\u010d\u00ednaje st\u0159eln\u00fdm prachem a po\u010d\u00edta\u010di kon\u010de. M\u011bli by ti v\u011bdci v\u016fbec je\u0161t\u011b n\u011bco zkou\u0161et?\u00a0Ano, i kdy\u017e se m\u016f\u017ee snadno st\u00e1t, \u017ee ud\u011blaj\u00ed chybu a cel\u00e1 tahle planeta definitivn\u011b kon\u010d\u00ed. Tak, ona skon\u010d\u00ed jednou stejn\u011b, \u017ee ano, ale takto by to bylo o hodn\u011b d\u0159\u00edve, ne\u017e j\u00ed ur\u010dil Vesm\u00edr. \u00a0Mimochodem, tak\u00e9 jeho objevov\u00e1n\u00ed bylo zneu\u017eito a je zneu\u017e\u00edv\u00e1no dodnes. M\u00edsto toho, aby se tam pohybovaly dru\u017eice jen s m\u00edrov\u00fdmi \u00fa\u010dely, tak je tam asi v\u00edce \u0161pion\u00e1\u017en\u00edch a v\u00e1le\u010dn\u00fdch. Nev\u011b\u0159te tomu, \u017ee tam nejsou. To je jen takov\u00e1 vypr\u00e1v\u011bnka pro d\u011bti, aby neztratily iluze o tomto sv\u011bt\u011b \u00fapln\u011b. \u00a0Je ov\u0161em pravdou, abych nebyl za \u0161karohl\u00edda, \u017ee v\u011bda lidem tak\u00e9 pom\u00e1h\u00e1, a to v\u00edce ne\u017e hodn\u011b. Klasick\u00fd p\u0159\u00edklad je l\u00e9ka\u0159sk\u00fd pokrok. S pomoc\u00ed nejnov\u011bj\u0161\u00edch technologi\u00ed mohou prov\u00e1d\u011bt l\u00e9ka\u0159i v\u011bci, o kter\u00fdch se jejich p\u0159edch\u016fdc\u016fm ani nesnilo. Kdyby vid\u011bli dne\u0161n\u00ed pokrok, zcela jist\u011b by jej nepochopili. \u00a0Vid\u00edme tedy, \u017ee i na v\u011bdu jsou dva pohledy. Je jen na \u010dlov\u011bku, zda je ten jeho v\u00edce pesimistick\u00fd nebo optimistick\u00fd. To u\u017e autor \u010dl\u00e1nku nech\u00e1v\u00e1 na laskav\u00e9m \u010dten\u00e1\u0159i.\u00a0                                                                                                                                                                                                                                                                                                                                                                                        4.1\/5 - (9 votes)        "},{"@context":"https:\/\/schema.org\/","@type":"BreadcrumbList","itemListElement":[{"@type":"ListItem","position":1,"name":"Nov\u00e9 poznatky","item":"https:\/\/www.fa-zona.cz\/nove-poznatky\/#breadcrumbitem"}]}]