[{"@context":"https:\/\/schema.org\/","@type":"Article","@id":"https:\/\/www.fa-zona.cz\/o-vlastnostech-sekcnich-garazovych-vrat-s-pohonem\/#Article","mainEntityOfPage":"https:\/\/www.fa-zona.cz\/o-vlastnostech-sekcnich-garazovych-vrat-s-pohonem\/","headline":"O vlastnostech sek\u010dn\u00edch gar\u00e1\u017eov\u00fdch vrat s pohonem","name":"O vlastnostech sek\u010dn\u00edch gar\u00e1\u017eov\u00fdch vrat s pohonem","description":"V\u00fdm\u011bna gar\u00e1\u017eov\u00fdch vrat ve st\u00e1vaj\u00edc\u00edm objektu m\u016f\u017ee p\u0159in\u00e9st mnoho zaj\u00edmav\u00fdch<span class=\"more-dots\"><a href=\"https:\/\/www.fa-zona.cz\/o-vlastnostech-sekcnich-garazovych-vrat-s-pohonem\/\">[ ... ]<\/span><\/a>","datePublished":"2025-04-20","dateModified":"2025-04-20","author":{"@type":"Person","@id":"https:\/\/www.fa-zona.cz\/author\/#Person","name":"","url":"https:\/\/www.fa-zona.cz\/author\/","identifier":1,"image":{"@type":"ImageObject","@id":"https:\/\/secure.gravatar.com\/avatar\/91506ed60e31abe586276a3e1420719df081581a820344a28fa2034bb1a2fe22?s=96&d=mm&r=g","url":"https:\/\/secure.gravatar.com\/avatar\/91506ed60e31abe586276a3e1420719df081581a820344a28fa2034bb1a2fe22?s=96&d=mm&r=g","height":96,"width":96}},"publisher":{"@type":"Organization","name":"fa-zona.cz","logo":{"@type":"ImageObject","@id":"\/logo.png","url":"\/logo.png","width":600,"height":60}},"image":{"@type":"ImageObject","@id":"https:\/\/www.fa-zona.cz\/wp-content\/uploads\/gate-49612_640_8.jpg","url":"https:\/\/www.fa-zona.cz\/wp-content\/uploads\/gate-49612_640_8.jpg","height":0,"width":0},"url":"https:\/\/www.fa-zona.cz\/o-vlastnostech-sekcnich-garazovych-vrat-s-pohonem\/","about":["Produkty"],"wordCount":425,"articleBody":"        V\u00fdm\u011bna gar\u00e1\u017eov\u00fdch vrat ve st\u00e1vaj\u00edc\u00edm objektu m\u016f\u017ee p\u0159in\u00e9st mnoho zaj\u00edmav\u00fdch novinek. Jestli\u017ee vym\u011bn\u00edte star\u00e1, p\u016fvodn\u00ed vrata k\u0159\u00eddlov\u00e1 za nov\u00e1 sek\u010dn\u00ed gar\u00e1\u017eov\u00e1 vrata s pohonem altoma.cz, z\u00edsk\u00e1te n\u011bkter\u00e9 benefity, o nich\u017e bychom se tu mohli nyn\u00ed zm\u00ednit.Otev\u00edr\u00e1n\u00ed vrat dovnit\u0159 \u2013 vrata otev\u00edran\u00e1 ven vy\u017eaduj\u00ed p\u0159ed gar\u00e1\u017e\u00ed voln\u00fd prostor. To znamen\u00e1, \u017ee tu nesm\u00edte parkovat bl\u00edzko vrat, jinak je neotev\u0159ete. To sam\u00e9 se t\u00fdk\u00e1 pokl\u00e1dan\u00fdch p\u0159edm\u011bt\u016f p\u0159ed gar\u00e1\u017e\u00ed, nap\u0159\u00edklad um\u00fdv\u00e1te-li motorku nebo j\u00edzdn\u00ed kolo p\u0159ed gar\u00e1\u017e\u00ed, a chcete-li vrata otev\u0159\u00edt, mus\u00edte popojet kus d\u00e1l a komplikovat si t\u00edm va\u0161i pr\u00e1ci. Otev\u00edr\u00e1n\u00ed vrat dovnit\u0159 v\u00e1m tedy umo\u017en\u00ed parkov\u00e1n\u00ed p\u0159\u00edmo p\u0159ed vraty a to ocen\u00edte i ve chv\u00edli, kdy chcete nab\u00eddnout parkov\u00e1n\u00ed va\u0161\u00ed n\u00e1v\u0161t\u011bv\u011b, kter\u00e1 m\u016f\u017ee zaparkovat p\u0159\u00edmo na va\u0161em pozemku a nebude m\u00edt vozidlo vystr\u010den\u00e9 venku na ulici, kde by mohlo p\u0159ij\u00edt k \u00fahon\u011b, nap\u0159\u00edklad p\u0159i pohybu vozidel po m\u00edstn\u00ed komunikaci.Elektrick\u00fd pohon \u2013 elektrick\u00fd pohon vrat jim dod\u00e1v\u00e1 na atraktivit\u011b. Otev\u00edr\u00e1n\u00ed a zav\u00edr\u00e1n\u00ed se uskute\u010d\u0148uje na d\u00e1lkov\u00e9 ovl\u00e1d\u00e1n\u00ed a to znamen\u00e1, \u017ee nemus\u00edte ani vystupovat z auta, chcete-li vrata otev\u0159\u00edt. Hod\u00ed se to ve chv\u00edli, kdy je venku nevl\u00eddno nebo je bou\u0159ka a vy nechcete riskovat v\u00e1\u017en\u00e1 zran\u011bn\u00ed bleskem. V podstat\u011b zajedete p\u0159\u00edmo do gar\u00e1\u017ee a je-li gar\u00e1\u017e sou\u010d\u00e1st\u00ed domu, vstoup\u00edte suchou nohou z gar\u00e1\u017ee rovnou do p\u0159eds\u00edn\u011b a pak t\u0159eba do ob\u00fdv\u00e1ku. K elektrick\u00fdm otev\u00edr\u00e1n\u00ed vrat se m\u016f\u017ee p\u0159idru\u017eit tak\u00e9 elektrick\u00e9 otev\u00edr\u00e1n\u00ed vjezdov\u00e9 br\u00e1ny, t\u00edm zcela zv\u00fd\u0161\u00edte komfort pohybu mezi gar\u00e1\u017e\u00ed a venkovn\u00edm prost\u0159ed\u00edm.Estetick\u00fd dojem \u2013 n\u011bkter\u00e1 gar\u00e1\u017eov\u00e1 vrata mohou b\u00fdt skute\u010dn\u011b velmi okouzluj\u00edc\u00ed. Zhotovuj\u00ed se v pastelov\u00fdch barv\u00e1ch a usnad\u0148uj\u00ed slad\u011bn\u00ed vrat s okoln\u00edm prost\u0159ed\u00edm, nap\u0159\u00edklad s domovn\u00ed fas\u00e1dou, se st\u0159e\u0161n\u00ed krytinou, s chodn\u00edkem, se zahradn\u00ed zelen\u00ed, s pergolou \u010di alt\u00e1nem atd. Vrata si m\u016f\u017eete vybrat v barv\u011b, kter\u00e1 v\u00e1m vyhovuje i co se t\u00fd\u010de estetick\u00e9ho c\u00edt\u011bn\u00ed.                                                                                                                                                                                                                                                                                                                                                                                          4\/5 - (2 votes)        "},{"@context":"https:\/\/schema.org\/","@type":"BreadcrumbList","itemListElement":[{"@type":"ListItem","position":1,"name":"O vlastnostech sek\u010dn\u00edch gar\u00e1\u017eov\u00fdch vrat s pohonem","item":"https:\/\/www.fa-zona.cz\/o-vlastnostech-sekcnich-garazovych-vrat-s-pohonem\/#breadcrumbitem"}]}]