[{"@context":"https:\/\/schema.org\/","@type":"Article","@id":"https:\/\/www.fa-zona.cz\/prijemne-si-v-ni-odpocinete\/#Article","mainEntityOfPage":"https:\/\/www.fa-zona.cz\/prijemne-si-v-ni-odpocinete\/","headline":"P\u0159\u00edjemn\u011b si v n\u00ed odpo\u010dinete","name":"P\u0159\u00edjemn\u011b si v n\u00ed odpo\u010dinete","description":"L\u00edb\u00ed se v\u00e1m zimn\u00ed zahrady? Pokud m\u00e1te rodinn\u00fd domek a<span class=\"more-dots\"><a href=\"https:\/\/www.fa-zona.cz\/prijemne-si-v-ni-odpocinete\/\">[ ... ]<\/span><\/a>","datePublished":"2025-02-27","dateModified":"2025-02-27","author":{"@type":"Person","@id":"https:\/\/www.fa-zona.cz\/author\/#Person","name":"","url":"https:\/\/www.fa-zona.cz\/author\/","identifier":1,"image":{"@type":"ImageObject","@id":"https:\/\/secure.gravatar.com\/avatar\/91506ed60e31abe586276a3e1420719df081581a820344a28fa2034bb1a2fe22?s=96&d=mm&r=g","url":"https:\/\/secure.gravatar.com\/avatar\/91506ed60e31abe586276a3e1420719df081581a820344a28fa2034bb1a2fe22?s=96&d=mm&r=g","height":96,"width":96}},"publisher":{"@type":"Organization","name":"fa-zona.cz","logo":{"@type":"ImageObject","@id":"\/logo.png","url":"\/logo.png","width":600,"height":60}},"url":"https:\/\/www.fa-zona.cz\/prijemne-si-v-ni-odpocinete\/","wordCount":169,"articleBody":"L\u00edb\u00ed se v\u00e1m zimn\u00ed zahrady? Pokud m\u00e1te rodinn\u00fd domek a cht\u011bli byste si ji p\u0159istavit, pak se na n\u00e1s obra\u0165te. Roz\u0161\u00ed\u0159\u00ed v\u00e1m obytn\u00fd prostor va\u0161eho domu. Uplatn\u00ed se zejm\u00e9na pro milovn\u00edky p\u011bstov\u00e1n\u00ed rostlin. Tady z\u00edsk\u00e1te prostor vhodn\u00fd pro p\u011bstov\u00e1n\u00ed kv\u011btin, p\u0159\u00edpadn\u011b dal\u0161\u00edch rostlin. Zkr\u00e1\u0161l\u00ed va\u0161e bydlen\u00ed. M\u016f\u017eete v n\u00ed kdykoliv posed\u011bt u k\u00e1vy nebo \u010daje s rodinou nebo s p\u0159\u00e1teli. Roz\u0161\u00ed\u0159\u00ed obytn\u00e9 prostory va\u0161eho domu Nab\u00edz\u00edme v\u00e1m hlin\u00edkov\u00e9 zimn\u00ed zahrady. Ta v\u00e1m m\u016f\u017ee poslou\u017eit bu\u010f jako sez\u00f3nn\u00ed obytn\u00e1 m\u00edstnost nebo jako obytn\u00e1 m\u00edstnost, kterou budete moci vyu\u017e\u00edvat po cel\u00fd rok. Slou\u017e\u00ed k va\u0161emu odpo\u010dinku. Ti, kte\u0159\u00ed maj\u00ed jako sv\u016fj kon\u00ed\u010dek p\u011bstov\u00e1n\u00ed rostlin, se tady ur\u010dit\u011b skv\u011ble vy\u0159\u00e1d\u00ed. V p\u0159\u00edjemn\u00e9m prost\u0159ed\u00ed si tady budete moci kdykoliv odpo\u010dinout.                                                                                                                                                                                                                                                                                                                                                                                        4\/5 - (1 vote)        "},{"@context":"https:\/\/schema.org\/","@type":"BreadcrumbList","itemListElement":[{"@type":"ListItem","position":1,"name":"P\u0159\u00edjemn\u011b si v n\u00ed odpo\u010dinete","item":"https:\/\/www.fa-zona.cz\/prijemne-si-v-ni-odpocinete\/#breadcrumbitem"}]}]